{"id":24,"date":"2020-07-17T19:16:00","date_gmt":"2020-07-17T17:16:00","guid":{"rendered":"http:\/\/www.nordhessenfunk.de\/?p=24"},"modified":"2022-07-19T17:17:43","modified_gmt":"2022-07-19T15:17:43","slug":"testen-der-wlan-richtfunk-strecke","status":"publish","type":"post","link":"https:\/\/www.nordhessenfunk.de\/?p=24","title":{"rendered":"Testen der WLAN Richtfunk Strecke"},"content":{"rendered":"\n<p>Heute wurde der Test mit der Wlan Strecke gemacht, die ohne viel Ausrichtung schon funktioniert hat, leider haben wir sie nur auf -78dBm ausrichten koennen (es m\u00fcssen -60dBm werden), da ein Ger\u00e4t am Schlafzimmer stand und nicht auf dem Dach wie gewollt. Das andere Ger\u00e4t war nur mit einem wackeligen Stativ aufgestellt. Wir k\u00f6nnen gespannt sein wie es weiter geht.<\/p>\n","protected":false},"excerpt":{"rendered":"<p>Heute wurde der Test mit der Wlan Strecke gemacht, die ohne viel Ausrichtung schon funktioniert hat, leider haben wir sie<\/p>\n","protected":false},"author":1,"featured_media":0,"comment_status":"open","ping_status":"open","sticky":false,"template":"","format":"standard","meta":{"footnotes":""},"categories":[3],"tags":[],"class_list":["post-24","post","type-post","status-publish","format-standard","hentry","category-websdr"],"_links":{"self":[{"href":"https:\/\/www.nordhessenfunk.de\/index.php?rest_route=\/wp\/v2\/posts\/24","targetHints":{"allow":["GET"]}}],"collection":[{"href":"https:\/\/www.nordhessenfunk.de\/index.php?rest_route=\/wp\/v2\/posts"}],"about":[{"href":"https:\/\/www.nordhessenfunk.de\/index.php?rest_route=\/wp\/v2\/types\/post"}],"author":[{"embeddable":true,"href":"https:\/\/www.nordhessenfunk.de\/index.php?rest_route=\/wp\/v2\/users\/1"}],"replies":[{"embeddable":true,"href":"https:\/\/www.nordhessenfunk.de\/index.php?rest_route=%2Fwp%2Fv2%2Fcomments&post=24"}],"version-history":[{"count":1,"href":"https:\/\/www.nordhessenfunk.de\/index.php?rest_route=\/wp\/v2\/posts\/24\/revisions"}],"predecessor-version":[{"id":25,"href":"https:\/\/www.nordhessenfunk.de\/index.php?rest_route=\/wp\/v2\/posts\/24\/revisions\/25"}],"wp:attachment":[{"href":"https:\/\/www.nordhessenfunk.de\/index.php?rest_route=%2Fwp%2Fv2%2Fmedia&parent=24"}],"wp:term":[{"taxonomy":"category","embeddable":true,"href":"https:\/\/www.nordhessenfunk.de\/index.php?rest_route=%2Fwp%2Fv2%2Fcategories&post=24"},{"taxonomy":"post_tag","embeddable":true,"href":"https:\/\/www.nordhessenfunk.de\/index.php?rest_route=%2Fwp%2Fv2%2Ftags&post=24"}],"curies":[{"name":"wp","href":"https:\/\/api.w.org\/{rel}","templated":true}]}}