{"id":121,"date":"2022-08-07T19:42:17","date_gmt":"2022-08-07T17:42:17","guid":{"rendered":"https:\/\/www.nordhessenfunk.de\/?p=121"},"modified":"2022-08-07T19:55:33","modified_gmt":"2022-08-07T17:55:33","slug":"websdr-anpassungen","status":"publish","type":"post","link":"https:\/\/www.nordhessenfunk.de\/?p=121","title":{"rendered":"WebSDR html Anpassungen"},"content":{"rendered":"\n<p>Hey Ho .. die letzten Tage habe ich mich mit Hilfe eines Freundes mal um die Anpassung der WebSDR &#8222;Seite&#8220; gek\u00fcmmert.<br>Da das Tool nur html \/ Java versteht (ich nicht \ud83d\ude42 ) ist man in gewissen Dingen einfach begrenzt.<br><br>Folgende Anpassungen wurden gemacht:<br><\/p>\n\n\n\n<ul class=\"wp-block-list\"><li>der Audio Button wurde entfernt, weil das Problem, was beim Chrome vorhanden ist nun auch den Firefox betrifft.<br>Einfach beim Starten des WebSDR auf OK dr\u00fccken und schon sollte das Audio Signal zu h\u00f6ren sein.<\/li><li>Channel Buttons wurden eingef\u00fcgt, zur schnelleren Kanalfindung.<\/li><li>Die B\u00e4nder Freenet und PMR haben jetzt einen gr\u00f6\u00dferen Button<\/li><li>im html wurde ein wenig der Code aufger\u00e4umt mal schauen ob wir irgendwann zu viel entfernen \ud83d\ude42<\/li><li>Beim starten des WebSDR ist man Automatisch auf 27.555 MhZ \/ USB \/ 11m diese Dinge sollten auch aufleuchten.<\/li><\/ul>\n","protected":false},"excerpt":{"rendered":"<p>Hey Ho .. die letzten Tage habe ich mich mit Hilfe eines Freundes mal um die Anpassung der WebSDR &#8222;Seite&#8220;<\/p>\n","protected":false},"author":1,"featured_media":0,"comment_status":"open","ping_status":"open","sticky":false,"template":"","format":"standard","meta":{"footnotes":""},"categories":[3],"tags":[],"class_list":["post-121","post","type-post","status-publish","format-standard","hentry","category-websdr"],"_links":{"self":[{"href":"https:\/\/www.nordhessenfunk.de\/index.php?rest_route=\/wp\/v2\/posts\/121","targetHints":{"allow":["GET"]}}],"collection":[{"href":"https:\/\/www.nordhessenfunk.de\/index.php?rest_route=\/wp\/v2\/posts"}],"about":[{"href":"https:\/\/www.nordhessenfunk.de\/index.php?rest_route=\/wp\/v2\/types\/post"}],"author":[{"embeddable":true,"href":"https:\/\/www.nordhessenfunk.de\/index.php?rest_route=\/wp\/v2\/users\/1"}],"replies":[{"embeddable":true,"href":"https:\/\/www.nordhessenfunk.de\/index.php?rest_route=%2Fwp%2Fv2%2Fcomments&post=121"}],"version-history":[{"count":4,"href":"https:\/\/www.nordhessenfunk.de\/index.php?rest_route=\/wp\/v2\/posts\/121\/revisions"}],"predecessor-version":[{"id":127,"href":"https:\/\/www.nordhessenfunk.de\/index.php?rest_route=\/wp\/v2\/posts\/121\/revisions\/127"}],"wp:attachment":[{"href":"https:\/\/www.nordhessenfunk.de\/index.php?rest_route=%2Fwp%2Fv2%2Fmedia&parent=121"}],"wp:term":[{"taxonomy":"category","embeddable":true,"href":"https:\/\/www.nordhessenfunk.de\/index.php?rest_route=%2Fwp%2Fv2%2Fcategories&post=121"},{"taxonomy":"post_tag","embeddable":true,"href":"https:\/\/www.nordhessenfunk.de\/index.php?rest_route=%2Fwp%2Fv2%2Ftags&post=121"}],"curies":[{"name":"wp","href":"https:\/\/api.w.org\/{rel}","templated":true}]}}